
{"id":875,"date":"2023-09-29T07:43:50","date_gmt":"2023-09-29T10:43:50","guid":{"rendered":"https:\/\/www.reallinkdigital.com.br\/blog\/?p=875"},"modified":"2023-09-29T08:02:37","modified_gmt":"2023-09-29T11:02:37","slug":"a-geracao-z-no-brasil-como-ela-gasta-seu-dinheiro-em-2023","status":"publish","type":"post","link":"https:\/\/www.reallinkdigital.com.br\/blog\/a-geracao-z-no-brasil-como-ela-gasta-seu-dinheiro-em-2023\/","title":{"rendered":"A Gera\u00e7\u00e3o Z no Brasil: como ela gasta seu dinheiro em 2023"},"content":{"rendered":"\n<figure class=\"wp-block-image size-large\"><img loading=\"lazy\" width=\"1024\" height=\"535\" src=\"https:\/\/www.reallinkdigital.com.br\/blog\/wp-content\/uploads\/2023\/09\/2023-09-29-1024x535.jpg\" alt=\"Investindo em Marketing Digital com a Reallink Digital para Alcan\u00e7ar a Gera\u00e7\u00e3o Z\" class=\"wp-image-878\" srcset=\"https:\/\/www.reallinkdigital.com.br\/blog\/wp-content\/uploads\/2023\/09\/2023-09-29-1024x535.jpg 1024w, https:\/\/www.reallinkdigital.com.br\/blog\/wp-content\/uploads\/2023\/09\/2023-09-29-300x157.jpg 300w, https:\/\/www.reallinkdigital.com.br\/blog\/wp-content\/uploads\/2023\/09\/2023-09-29-768x401.jpg 768w, https:\/\/www.reallinkdigital.com.br\/blog\/wp-content\/uploads\/2023\/09\/2023-09-29.jpg 1200w\" sizes=\"(max-width: 1024px) 100vw, 1024px\" \/><\/figure>\n\n\n\n<p class=\"has-medium-font-size\">A Gera\u00e7\u00e3o Z, composta por indiv\u00edduos nascidos aproximadamente entre 1997 e 2012, est\u00e1 se tornando cada vez mais relevante no cen\u00e1rio econ\u00f4mico do Brasil. Com seus h\u00e1bitos de consumo \u00fanicos e a influ\u00eancia da tecnologia em suas vidas, essa gera\u00e7\u00e3o est\u00e1 remodelando o mercado de consumo de diversas maneiras. Neste artigo, vamos explorar como a Gera\u00e7\u00e3o Z do Brasil est\u00e1 gastando seu dinheiro, com base em dados estat\u00edsticos fornecidos pelo Ita\u00fa, referentes aos meses de janeiro e fevereiro de 2023.<\/p>\n\n\n\n<h2>Compras online em ascens\u00e3o<\/h2>\n\n\n\n<p class=\"has-medium-font-size\">Uma das caracter\u00edsticas marcantes da Gera\u00e7\u00e3o Z \u00e9 a familiaridade e o conforto com a tecnologia, o que tem contribu\u00eddo significativamente para o crescimento das compras online. De acordo com os dados do Ita\u00fa, impressionantes 36% das compras realizadas por essa gera\u00e7\u00e3o s\u00e3o feitas atrav\u00e9s de cart\u00f5es de cr\u00e9dito em lojas virtuais. Esse n\u00famero demonstra a prefer\u00eancia dos jovens por comodidade e praticidade na hora de adquirir produtos e servi\u00e7os.<\/p>\n\n\n\n<h2>Aplicativos de transporte: uma necessidade<\/h2>\n\n\n\n<p class=\"has-medium-font-size\">O transporte \u00e9 uma das \u00e1reas em que a Gera\u00e7\u00e3o Z do Brasil investe uma parte substancial de seu dinheiro. Segundo o Ita\u00fa, 14% dos gastos dessa gera\u00e7\u00e3o s\u00e3o destinados a aplicativos de transporte, como Uber, 99 e outros servi\u00e7os similares. Isso reflete a depend\u00eancia crescente desses jovens em solu\u00e7\u00f5es de mobilidade convenientes e acess\u00edveis.<\/p>\n\n\n\n<h2>Mercado e fast food: necessidades di\u00e1rias<\/h2>\n\n\n\n<p class=\"has-medium-font-size\">Outros setores que absorvem uma parte consider\u00e1vel do or\u00e7amento da Gera\u00e7\u00e3o Z s\u00e3o o mercado e a alimenta\u00e7\u00e3o r\u00e1pida (fast food). De acordo com os dados do Ita\u00fa, 11% dos gastos s\u00e3o direcionados \u00e0s compras de supermercado, enquanto 9% s\u00e3o destinados a fast food. Esses n\u00fameros refletem a demanda por alimentos prontos e solu\u00e7\u00f5es de compra r\u00e1pidas, compat\u00edveis com o estilo de vida agitado dos jovens de hoje.<\/p>\n\n\n\n<h2>Conveni\u00eancia em lojas de conveni\u00eancia<\/h2>\n\n\n\n<p class=\"has-medium-font-size\">Lojas de conveni\u00eancia tamb\u00e9m s\u00e3o uma parte importante da equa\u00e7\u00e3o de gastos da Gera\u00e7\u00e3o Z, representando 5% de seus gastos totais. Esses estabelecimentos oferecem uma variedade de produtos de f\u00e1cil acesso, o que atrai jovens que valorizam a praticidade em suas compras cotidianas.<\/p>\n\n\n\n<h2>Combust\u00edvel para a mobilidade<\/h2>\n\n\n\n<p class=\"has-medium-font-size\">Al\u00e9m dos aplicativos de transporte, os dados do Ita\u00fa indicam que 5% dos gastos da Gera\u00e7\u00e3o Z s\u00e3o direcionados aos postos de gasolina. Isso pode ser atribu\u00eddo ao desejo de manter a mobilidade pessoal, seja por meio de ve\u00edculos pr\u00f3prios ou alugados, que ainda desempenham um papel significativo nas vidas desses jovens.<\/p>\n\n\n\n<h2>Conclus\u00e3o<\/h2>\n\n\n\n<p class=\"has-medium-font-size\">A Gera\u00e7\u00e3o Z do Brasil est\u00e1 moldando o mercado de consumo com seus padr\u00f5es de gastos \u00fanicos e influenciados pela tecnologia. Com uma forte prefer\u00eancia por compras online, aplicativos de transporte, mercado, fast food, lojas de conveni\u00eancia e postos de gasolina, essa gera\u00e7\u00e3o est\u00e1 impulsionando mudan\u00e7as significativas na economia brasileira. \u00c0 medida que o tempo passa, \u00e9 fundamental para as empresas e marcas compreenderem e se adaptarem a esses padr\u00f5es de consumo em constante evolu\u00e7\u00e3o para atender \u00e0s necessidades e prefer\u00eancias dessa gera\u00e7\u00e3o.<\/p>\n\n\n\n<hr class=\"wp-block-separator\"\/>\n\n\n\n<p class=\"has-medium-font-size\"><em>A Gera\u00e7\u00e3o Z representa um segmento altamente influente e lucrativo do mercado, mas conquist\u00e1-la requer estrat\u00e9gias de marketing digital sofisticadas e direcionadas. A Reallink Digital \u00e9 a parceira ideal para empresas que desejam aproveitar ao m\u00e1ximo esse potencial. Com sua experi\u00eancia, inova\u00e7\u00e3o, hist\u00f3rico de sucesso e abordagem multicanal, eles podem ajudar sua empresa a se destacar e prosperar no mundo digital de hoje.<\/em><\/p>\n","protected":false},"excerpt":{"rendered":"<p>A Gera\u00e7\u00e3o Z, composta por indiv\u00edduos nascidos aproximadamente entre 1997 e 2012, est\u00e1 se tornando cada vez mais relevante no cen\u00e1rio econ\u00f4mico do Brasil. Com seus h\u00e1bitos de consumo \u00fanicos e a influ\u00eancia da tecnologia em suas vidas, essa gera\u00e7\u00e3o est\u00e1 remodelando o mercado de consumo de diversas maneiras. Neste artigo, vamos explorar como a<br \/><a class=\"moretag\" href=\"https:\/\/www.reallinkdigital.com.br\/blog\/a-geracao-z-no-brasil-como-ela-gasta-seu-dinheiro-em-2023\/\">+ leia<\/a><\/p>\n","protected":false},"author":1,"featured_media":878,"comment_status":"open","ping_status":"open","sticky":false,"template":"","format":"standard","meta":[],"categories":[1],"tags":[13,11,14],"yoast_head":"<!-- This site is optimized with the Yoast SEO plugin v18.8 - https:\/\/yoast.com\/wordpress\/plugins\/seo\/ -->\n<title>A Gera\u00e7\u00e3o Z no Brasil: como ela gasta seu dinheiro em 2023 - Blog da Reallink Digital<\/title>\n<meta name=\"robots\" content=\"index, follow, max-snippet:-1, max-image-preview:large, max-video-preview:-1\" \/>\n<link rel=\"canonical\" href=\"https:\/\/www.reallinkdigital.com.br\/blog\/a-geracao-z-no-brasil-como-ela-gasta-seu-dinheiro-em-2023\/\" \/>\n<meta property=\"og:locale\" content=\"pt_BR\" \/>\n<meta property=\"og:type\" content=\"article\" \/>\n<meta property=\"og:title\" content=\"A Gera\u00e7\u00e3o Z no Brasil: como ela gasta seu dinheiro em 2023 - Blog da Reallink Digital\" \/>\n<meta property=\"og:description\" content=\"A Gera\u00e7\u00e3o Z, composta por indiv\u00edduos nascidos aproximadamente entre 1997 e 2012, est\u00e1 se tornando cada vez mais relevante no cen\u00e1rio econ\u00f4mico do Brasil. Com seus h\u00e1bitos de consumo \u00fanicos e a influ\u00eancia da tecnologia em suas vidas, essa gera\u00e7\u00e3o est\u00e1 remodelando o mercado de consumo de diversas maneiras. Neste artigo, vamos explorar como a+ leia\" \/>\n<meta property=\"og:url\" content=\"https:\/\/www.reallinkdigital.com.br\/blog\/a-geracao-z-no-brasil-como-ela-gasta-seu-dinheiro-em-2023\/\" \/>\n<meta property=\"og:site_name\" content=\"Blog da Reallink Digital\" \/>\n<meta property=\"article:published_time\" content=\"2023-09-29T10:43:50+00:00\" \/>\n<meta property=\"article:modified_time\" content=\"2023-09-29T11:02:37+00:00\" \/>\n<meta property=\"og:image\" content=\"https:\/\/www.reallinkdigital.com.br\/blog\/wp-content\/uploads\/2023\/09\/2023-09-29.jpg\" \/>\n\t<meta property=\"og:image:width\" content=\"1200\" \/>\n\t<meta property=\"og:image:height\" content=\"627\" \/>\n\t<meta property=\"og:image:type\" content=\"image\/jpeg\" \/>\n<meta name=\"twitter:card\" content=\"summary_large_image\" \/>\n<meta name=\"twitter:label1\" content=\"Escrito por\" \/>\n\t<meta name=\"twitter:data1\" content=\"reallink\" \/>\n\t<meta name=\"twitter:label2\" content=\"Est. tempo de leitura\" \/>\n\t<meta name=\"twitter:data2\" content=\"4 minutos\" \/>\n<script type=\"application\/ld+json\" class=\"yoast-schema-graph\">{\"@context\":\"https:\/\/schema.org\",\"@graph\":[{\"@type\":\"WebSite\",\"@id\":\"https:\/\/www.reallinkdigital.com.br\/blog\/#website\",\"url\":\"https:\/\/www.reallinkdigital.com.br\/blog\/\",\"name\":\"Blog da Reallink Digital\",\"description\":\"No blog da Reallink Digital voc\u00ea tem acesso a informa\u00e7\u00f5es e dicas sobre marketing digital, m\u00eddias sociais e plataformas para ajudar seu neg\u00f3cio! Entre.\",\"potentialAction\":[{\"@type\":\"SearchAction\",\"target\":{\"@type\":\"EntryPoint\",\"urlTemplate\":\"https:\/\/www.reallinkdigital.com.br\/blog\/?s={search_term_string}\"},\"query-input\":\"required name=search_term_string\"}],\"inLanguage\":\"pt-BR\"},{\"@type\":\"ImageObject\",\"inLanguage\":\"pt-BR\",\"@id\":\"https:\/\/www.reallinkdigital.com.br\/blog\/a-geracao-z-no-brasil-como-ela-gasta-seu-dinheiro-em-2023\/#primaryimage\",\"url\":\"https:\/\/www.reallinkdigital.com.br\/blog\/wp-content\/uploads\/2023\/09\/2023-09-29.jpg\",\"contentUrl\":\"https:\/\/www.reallinkdigital.com.br\/blog\/wp-content\/uploads\/2023\/09\/2023-09-29.jpg\",\"width\":1200,\"height\":627,\"caption\":\"Investindo em Marketing Digital com a Reallink Digital para Alcan\u00e7ar a Gera\u00e7\u00e3o Z\"},{\"@type\":\"WebPage\",\"@id\":\"https:\/\/www.reallinkdigital.com.br\/blog\/a-geracao-z-no-brasil-como-ela-gasta-seu-dinheiro-em-2023\/#webpage\",\"url\":\"https:\/\/www.reallinkdigital.com.br\/blog\/a-geracao-z-no-brasil-como-ela-gasta-seu-dinheiro-em-2023\/\",\"name\":\"A Gera\u00e7\u00e3o Z no Brasil: como ela gasta seu dinheiro em 2023 - Blog da Reallink Digital\",\"isPartOf\":{\"@id\":\"https:\/\/www.reallinkdigital.com.br\/blog\/#website\"},\"primaryImageOfPage\":{\"@id\":\"https:\/\/www.reallinkdigital.com.br\/blog\/a-geracao-z-no-brasil-como-ela-gasta-seu-dinheiro-em-2023\/#primaryimage\"},\"datePublished\":\"2023-09-29T10:43:50+00:00\",\"dateModified\":\"2023-09-29T11:02:37+00:00\",\"author\":{\"@id\":\"https:\/\/www.reallinkdigital.com.br\/blog\/#\/schema\/person\/c3cb5177ae7ecd27a0a6b3ad98310027\"},\"breadcrumb\":{\"@id\":\"https:\/\/www.reallinkdigital.com.br\/blog\/a-geracao-z-no-brasil-como-ela-gasta-seu-dinheiro-em-2023\/#breadcrumb\"},\"inLanguage\":\"pt-BR\",\"potentialAction\":[{\"@type\":\"ReadAction\",\"target\":[\"https:\/\/www.reallinkdigital.com.br\/blog\/a-geracao-z-no-brasil-como-ela-gasta-seu-dinheiro-em-2023\/\"]}]},{\"@type\":\"BreadcrumbList\",\"@id\":\"https:\/\/www.reallinkdigital.com.br\/blog\/a-geracao-z-no-brasil-como-ela-gasta-seu-dinheiro-em-2023\/#breadcrumb\",\"itemListElement\":[{\"@type\":\"ListItem\",\"position\":1,\"name\":\"In\u00edcio\",\"item\":\"https:\/\/www.reallinkdigital.com.br\/blog\/\"},{\"@type\":\"ListItem\",\"position\":2,\"name\":\"A Gera\u00e7\u00e3o Z no Brasil: como ela gasta seu dinheiro em 2023\"}]},{\"@type\":\"Person\",\"@id\":\"https:\/\/www.reallinkdigital.com.br\/blog\/#\/schema\/person\/c3cb5177ae7ecd27a0a6b3ad98310027\",\"name\":\"reallink\",\"image\":{\"@type\":\"ImageObject\",\"inLanguage\":\"pt-BR\",\"@id\":\"https:\/\/www.reallinkdigital.com.br\/blog\/#\/schema\/person\/image\/\",\"url\":\"https:\/\/secure.gravatar.com\/avatar\/e62f8a0c68c7aa4e723b0e1205558f2f?s=96&d=mm&r=g\",\"contentUrl\":\"https:\/\/secure.gravatar.com\/avatar\/e62f8a0c68c7aa4e723b0e1205558f2f?s=96&d=mm&r=g\",\"caption\":\"reallink\"},\"sameAs\":[\"http:\/\/reallinkdigital.tecnologia.ws\/blog\"],\"url\":\"https:\/\/www.reallinkdigital.com.br\/blog\/author\/reallink\/\"}]}<\/script>\n<!-- \/ Yoast SEO plugin. -->","yoast_head_json":{"title":"A Gera\u00e7\u00e3o Z no Brasil: como ela gasta seu dinheiro em 2023 - Blog da Reallink Digital","robots":{"index":"index","follow":"follow","max-snippet":"max-snippet:-1","max-image-preview":"max-image-preview:large","max-video-preview":"max-video-preview:-1"},"canonical":"https:\/\/www.reallinkdigital.com.br\/blog\/a-geracao-z-no-brasil-como-ela-gasta-seu-dinheiro-em-2023\/","og_locale":"pt_BR","og_type":"article","og_title":"A Gera\u00e7\u00e3o Z no Brasil: como ela gasta seu dinheiro em 2023 - Blog da Reallink Digital","og_description":"A Gera\u00e7\u00e3o Z, composta por indiv\u00edduos nascidos aproximadamente entre 1997 e 2012, est\u00e1 se tornando cada vez mais relevante no cen\u00e1rio econ\u00f4mico do Brasil. Com seus h\u00e1bitos de consumo \u00fanicos e a influ\u00eancia da tecnologia em suas vidas, essa gera\u00e7\u00e3o est\u00e1 remodelando o mercado de consumo de diversas maneiras. Neste artigo, vamos explorar como a+ leia","og_url":"https:\/\/www.reallinkdigital.com.br\/blog\/a-geracao-z-no-brasil-como-ela-gasta-seu-dinheiro-em-2023\/","og_site_name":"Blog da Reallink Digital","article_published_time":"2023-09-29T10:43:50+00:00","article_modified_time":"2023-09-29T11:02:37+00:00","og_image":[{"width":1200,"height":627,"url":"https:\/\/www.reallinkdigital.com.br\/blog\/wp-content\/uploads\/2023\/09\/2023-09-29.jpg","type":"image\/jpeg"}],"twitter_card":"summary_large_image","twitter_misc":{"Escrito por":"reallink","Est. tempo de leitura":"4 minutos"},"schema":{"@context":"https:\/\/schema.org","@graph":[{"@type":"WebSite","@id":"https:\/\/www.reallinkdigital.com.br\/blog\/#website","url":"https:\/\/www.reallinkdigital.com.br\/blog\/","name":"Blog da Reallink Digital","description":"No blog da Reallink Digital voc\u00ea tem acesso a informa\u00e7\u00f5es e dicas sobre marketing digital, m\u00eddias sociais e plataformas para ajudar seu neg\u00f3cio! Entre.","potentialAction":[{"@type":"SearchAction","target":{"@type":"EntryPoint","urlTemplate":"https:\/\/www.reallinkdigital.com.br\/blog\/?s={search_term_string}"},"query-input":"required name=search_term_string"}],"inLanguage":"pt-BR"},{"@type":"ImageObject","inLanguage":"pt-BR","@id":"https:\/\/www.reallinkdigital.com.br\/blog\/a-geracao-z-no-brasil-como-ela-gasta-seu-dinheiro-em-2023\/#primaryimage","url":"https:\/\/www.reallinkdigital.com.br\/blog\/wp-content\/uploads\/2023\/09\/2023-09-29.jpg","contentUrl":"https:\/\/www.reallinkdigital.com.br\/blog\/wp-content\/uploads\/2023\/09\/2023-09-29.jpg","width":1200,"height":627,"caption":"Investindo em Marketing Digital com a Reallink Digital para Alcan\u00e7ar a Gera\u00e7\u00e3o Z"},{"@type":"WebPage","@id":"https:\/\/www.reallinkdigital.com.br\/blog\/a-geracao-z-no-brasil-como-ela-gasta-seu-dinheiro-em-2023\/#webpage","url":"https:\/\/www.reallinkdigital.com.br\/blog\/a-geracao-z-no-brasil-como-ela-gasta-seu-dinheiro-em-2023\/","name":"A Gera\u00e7\u00e3o Z no Brasil: como ela gasta seu dinheiro em 2023 - Blog da Reallink Digital","isPartOf":{"@id":"https:\/\/www.reallinkdigital.com.br\/blog\/#website"},"primaryImageOfPage":{"@id":"https:\/\/www.reallinkdigital.com.br\/blog\/a-geracao-z-no-brasil-como-ela-gasta-seu-dinheiro-em-2023\/#primaryimage"},"datePublished":"2023-09-29T10:43:50+00:00","dateModified":"2023-09-29T11:02:37+00:00","author":{"@id":"https:\/\/www.reallinkdigital.com.br\/blog\/#\/schema\/person\/c3cb5177ae7ecd27a0a6b3ad98310027"},"breadcrumb":{"@id":"https:\/\/www.reallinkdigital.com.br\/blog\/a-geracao-z-no-brasil-como-ela-gasta-seu-dinheiro-em-2023\/#breadcrumb"},"inLanguage":"pt-BR","potentialAction":[{"@type":"ReadAction","target":["https:\/\/www.reallinkdigital.com.br\/blog\/a-geracao-z-no-brasil-como-ela-gasta-seu-dinheiro-em-2023\/"]}]},{"@type":"BreadcrumbList","@id":"https:\/\/www.reallinkdigital.com.br\/blog\/a-geracao-z-no-brasil-como-ela-gasta-seu-dinheiro-em-2023\/#breadcrumb","itemListElement":[{"@type":"ListItem","position":1,"name":"In\u00edcio","item":"https:\/\/www.reallinkdigital.com.br\/blog\/"},{"@type":"ListItem","position":2,"name":"A Gera\u00e7\u00e3o Z no Brasil: como ela gasta seu dinheiro em 2023"}]},{"@type":"Person","@id":"https:\/\/www.reallinkdigital.com.br\/blog\/#\/schema\/person\/c3cb5177ae7ecd27a0a6b3ad98310027","name":"reallink","image":{"@type":"ImageObject","inLanguage":"pt-BR","@id":"https:\/\/www.reallinkdigital.com.br\/blog\/#\/schema\/person\/image\/","url":"https:\/\/secure.gravatar.com\/avatar\/e62f8a0c68c7aa4e723b0e1205558f2f?s=96&d=mm&r=g","contentUrl":"https:\/\/secure.gravatar.com\/avatar\/e62f8a0c68c7aa4e723b0e1205558f2f?s=96&d=mm&r=g","caption":"reallink"},"sameAs":["http:\/\/reallinkdigital.tecnologia.ws\/blog"],"url":"https:\/\/www.reallinkdigital.com.br\/blog\/author\/reallink\/"}]}},"_links":{"self":[{"href":"https:\/\/www.reallinkdigital.com.br\/blog\/wp-json\/wp\/v2\/posts\/875"}],"collection":[{"href":"https:\/\/www.reallinkdigital.com.br\/blog\/wp-json\/wp\/v2\/posts"}],"about":[{"href":"https:\/\/www.reallinkdigital.com.br\/blog\/wp-json\/wp\/v2\/types\/post"}],"author":[{"embeddable":true,"href":"https:\/\/www.reallinkdigital.com.br\/blog\/wp-json\/wp\/v2\/users\/1"}],"replies":[{"embeddable":true,"href":"https:\/\/www.reallinkdigital.com.br\/blog\/wp-json\/wp\/v2\/comments?post=875"}],"version-history":[{"count":4,"href":"https:\/\/www.reallinkdigital.com.br\/blog\/wp-json\/wp\/v2\/posts\/875\/revisions"}],"predecessor-version":[{"id":882,"href":"https:\/\/www.reallinkdigital.com.br\/blog\/wp-json\/wp\/v2\/posts\/875\/revisions\/882"}],"wp:featuredmedia":[{"embeddable":true,"href":"https:\/\/www.reallinkdigital.com.br\/blog\/wp-json\/wp\/v2\/media\/878"}],"wp:attachment":[{"href":"https:\/\/www.reallinkdigital.com.br\/blog\/wp-json\/wp\/v2\/media?parent=875"}],"wp:term":[{"taxonomy":"category","embeddable":true,"href":"https:\/\/www.reallinkdigital.com.br\/blog\/wp-json\/wp\/v2\/categories?post=875"},{"taxonomy":"post_tag","embeddable":true,"href":"https:\/\/www.reallinkdigital.com.br\/blog\/wp-json\/wp\/v2\/tags?post=875"}],"curies":[{"name":"wp","href":"https:\/\/api.w.org\/{rel}","templated":true}]}}